{"id":2673,"date":"2016-12-01T16:15:29","date_gmt":"2016-12-01T15:15:29","guid":{"rendered":"https:\/\/www.rcts.fr\/uncategorized\/apport-de-marqueurs-immunologiques-et-psychologiques-dans-la-prediction-de-la-rechute-clinique-au-cours-de-la-maladie-de-crohn-suivi-dune-cohorte-multicentrique"},"modified":"2020-04-07T16:05:22","modified_gmt":"2020-04-07T14:05:22","slug":"apport-de-marqueurs-immunologiques-et-psychologiques-dans-la-prediction-de-la-rechute-clinique-au-cours-de-la-maladie-de-crohn-suivi-dune-cohorte-multicentrique","status":"publish","type":"post","link":"http:\/\/www.rcts.fr\/en\/apport-de-marqueurs-immunologiques-et-psychologiques-dans-la-prediction-de-la-rechute-clinique-au-cours-de-la-maladie-de-crohn-suivi-dune-cohorte-multicentrique\/","title":{"rendered":"Apport de marqueurs immunologiques et psychologiques dans la pr\u00e9diction de la rechute clinique au cours de la maladie de Crohn \u2013 suivi d\u2019une cohorte multicentrique"},"content":{"rendered":"<p>Les marqueurs de l\u2019inflammation \u2013 prot\u00e9ine C-R\u00e9active (CRP) et vitesse de s\u00e9dimentation (VS) \u2013 peuvent aider \u00e0 pr\u00e9dire une rechute de maladie de Crohn (MC). L\u2019objectif de cette \u00e9tude \u00e9tait d\u2019identifier de nouveaux marqueurs pr\u00e9dictifs de rechute, notamment immunologiques et psychologiques.<br \/>\n<a href=\"http:\/\/www.em-consulte.com\/article\/1097526\/apport-de-marqueurs-immunologiques-et-psychologiqu\" rel=\"noopener noreferrer\" target=\"_blank\">D\u00e9cembre 2016 &#8211; diabet-metabolism<\/a><br \/>\nG. Boschetti, B. Flouri\u00e9,<strong> Fr\u00e9d\u00e9ric Mistretta,<\/strong> X. Roblin <strong>, Didier Not<\/strong> , G. Bommelaer , <strong>A. Beauvais<\/strong> , A.-L. Charlois , S. Nancey<\/p>\n","protected":false},"excerpt":{"rendered":"<p>Les marqueurs de l\u2019inflammation \u2013 prot\u00e9ine C-R\u00e9active (CRP) et vitesse de s\u00e9dimentation (VS) \u2013 peuvent aider \u00e0 pr\u00e9dire une rechute de maladie de Crohn (MC). L\u2019objectif de cette \u00e9tude \u00e9tait d\u2019identifier de nouveaux marqueurs pr\u00e9dictifs de rechute, notamment immunologiques et psychologiques. D\u00e9cembre 2016 &#8211; diabet-metabolism G. Boschetti, B. Flouri\u00e9, Fr\u00e9d\u00e9ric Mistretta, X. Roblin , Didier [&hellip;]<\/p>\n","protected":false},"author":2,"featured_media":0,"comment_status":"open","ping_status":"open","sticky":false,"template":"","format":"standard","meta":{"_acf_changed":false},"categories":[59],"class_list":["post-2673","post","type-post","status-publish","format-standard","hentry","category-gastroenterology"],"acf":[],"yoast_head":"<!-- This site is optimized with the Yoast SEO plugin v27.3 - https:\/\/yoast.com\/product\/yoast-seo-wordpress\/ -->\n<title>Apport de marqueurs immunologiques et psychologiques dans la pr\u00e9diction de la rechute clinique au cours de la maladie de Crohn \u2013 suivi d\u2019une cohorte multicentrique - RCTs<\/title>\n<meta name=\"robots\" content=\"index, follow, max-snippet:-1, max-image-preview:large, max-video-preview:-1\" \/>\n<link rel=\"canonical\" href=\"http:\/\/www.rcts.fr\/en\/apport-de-marqueurs-immunologiques-et-psychologiques-dans-la-prediction-de-la-rechute-clinique-au-cours-de-la-maladie-de-crohn-suivi-dune-cohorte-multicentrique\/\" \/>\n<meta property=\"og:locale\" content=\"en_US\" \/>\n<meta property=\"og:type\" content=\"article\" \/>\n<meta property=\"og:title\" content=\"Apport de marqueurs immunologiques et psychologiques dans la pr\u00e9diction de la rechute clinique au cours de la maladie de Crohn \u2013 suivi d\u2019une cohorte multicentrique - RCTs\" \/>\n<meta property=\"og:description\" content=\"Les marqueurs de l\u2019inflammation \u2013 prot\u00e9ine C-R\u00e9active (CRP) et vitesse de s\u00e9dimentation (VS) \u2013 peuvent aider \u00e0 pr\u00e9dire une rechute de maladie de Crohn (MC). L\u2019objectif de cette \u00e9tude \u00e9tait d\u2019identifier de nouveaux marqueurs pr\u00e9dictifs de rechute, notamment immunologiques et psychologiques. D\u00e9cembre 2016 &#8211; diabet-metabolism G. Boschetti, B. Flouri\u00e9, Fr\u00e9d\u00e9ric Mistretta, X. Roblin , Didier [&hellip;]\" \/>\n<meta property=\"og:url\" content=\"http:\/\/www.rcts.fr\/en\/apport-de-marqueurs-immunologiques-et-psychologiques-dans-la-prediction-de-la-rechute-clinique-au-cours-de-la-maladie-de-crohn-suivi-dune-cohorte-multicentrique\/\" \/>\n<meta property=\"og:site_name\" content=\"RCTs\" \/>\n<meta property=\"article:published_time\" content=\"2016-12-01T15:15:29+00:00\" \/>\n<meta property=\"article:modified_time\" content=\"2020-04-07T14:05:22+00:00\" \/>\n<meta name=\"author\" content=\"Didier Not\" \/>\n<meta name=\"twitter:card\" content=\"summary_large_image\" \/>\n<meta name=\"twitter:label1\" content=\"Written by\" \/>\n\t<meta name=\"twitter:data1\" content=\"Didier Not\" \/>\n<script type=\"application\/ld+json\" class=\"yoast-schema-graph\">{\"@context\":\"https:\\\/\\\/schema.org\",\"@graph\":[{\"@type\":\"Article\",\"@id\":\"http:\\\/\\\/www.rcts.fr\\\/en\\\/apport-de-marqueurs-immunologiques-et-psychologiques-dans-la-prediction-de-la-rechute-clinique-au-cours-de-la-maladie-de-crohn-suivi-dune-cohorte-multicentrique\\\/#article\",\"isPartOf\":{\"@id\":\"http:\\\/\\\/www.rcts.fr\\\/en\\\/apport-de-marqueurs-immunologiques-et-psychologiques-dans-la-prediction-de-la-rechute-clinique-au-cours-de-la-maladie-de-crohn-suivi-dune-cohorte-multicentrique\\\/\"},\"author\":{\"name\":\"Didier Not\",\"@id\":\"https:\\\/\\\/www.rcts.fr\\\/#\\\/schema\\\/person\\\/19ff6b0ca72b83f30ac0a23e6ce05dc5\"},\"headline\":\"Apport de marqueurs immunologiques et psychologiques dans la pr\u00e9diction de la rechute clinique au cours de la maladie de Crohn \u2013 suivi d\u2019une cohorte multicentrique\",\"datePublished\":\"2016-12-01T15:15:29+00:00\",\"dateModified\":\"2020-04-07T14:05:22+00:00\",\"mainEntityOfPage\":{\"@id\":\"http:\\\/\\\/www.rcts.fr\\\/en\\\/apport-de-marqueurs-immunologiques-et-psychologiques-dans-la-prediction-de-la-rechute-clinique-au-cours-de-la-maladie-de-crohn-suivi-dune-cohorte-multicentrique\\\/\"},\"wordCount\":97,\"commentCount\":0,\"publisher\":{\"@id\":\"https:\\\/\\\/www.rcts.fr\\\/#organization\"},\"articleSection\":[\"Gastroenterology\"],\"inLanguage\":\"en-US\"},{\"@type\":\"WebPage\",\"@id\":\"http:\\\/\\\/www.rcts.fr\\\/en\\\/apport-de-marqueurs-immunologiques-et-psychologiques-dans-la-prediction-de-la-rechute-clinique-au-cours-de-la-maladie-de-crohn-suivi-dune-cohorte-multicentrique\\\/\",\"url\":\"http:\\\/\\\/www.rcts.fr\\\/en\\\/apport-de-marqueurs-immunologiques-et-psychologiques-dans-la-prediction-de-la-rechute-clinique-au-cours-de-la-maladie-de-crohn-suivi-dune-cohorte-multicentrique\\\/\",\"name\":\"Apport de marqueurs immunologiques et psychologiques dans la pr\u00e9diction de la rechute clinique au cours de la maladie de Crohn \u2013 suivi d\u2019une cohorte multicentrique - RCTs\",\"isPartOf\":{\"@id\":\"https:\\\/\\\/www.rcts.fr\\\/#website\"},\"datePublished\":\"2016-12-01T15:15:29+00:00\",\"dateModified\":\"2020-04-07T14:05:22+00:00\",\"breadcrumb\":{\"@id\":\"http:\\\/\\\/www.rcts.fr\\\/en\\\/apport-de-marqueurs-immunologiques-et-psychologiques-dans-la-prediction-de-la-rechute-clinique-au-cours-de-la-maladie-de-crohn-suivi-dune-cohorte-multicentrique\\\/#breadcrumb\"},\"inLanguage\":\"en-US\",\"potentialAction\":[{\"@type\":\"ReadAction\",\"target\":[\"http:\\\/\\\/www.rcts.fr\\\/en\\\/apport-de-marqueurs-immunologiques-et-psychologiques-dans-la-prediction-de-la-rechute-clinique-au-cours-de-la-maladie-de-crohn-suivi-dune-cohorte-multicentrique\\\/\"]}]},{\"@type\":\"BreadcrumbList\",\"@id\":\"http:\\\/\\\/www.rcts.fr\\\/en\\\/apport-de-marqueurs-immunologiques-et-psychologiques-dans-la-prediction-de-la-rechute-clinique-au-cours-de-la-maladie-de-crohn-suivi-dune-cohorte-multicentrique\\\/#breadcrumb\",\"itemListElement\":[{\"@type\":\"ListItem\",\"position\":1,\"name\":\"Home\",\"item\":\"https:\\\/\\\/www.rcts.fr\\\/en\\\/\"},{\"@type\":\"ListItem\",\"position\":2,\"name\":\"Apport de marqueurs immunologiques et psychologiques dans la pr\u00e9diction de la rechute clinique au cours de la maladie de Crohn \u2013 suivi d\u2019une cohorte multicentrique\"}]},{\"@type\":\"WebSite\",\"@id\":\"https:\\\/\\\/www.rcts.fr\\\/#website\",\"url\":\"https:\\\/\\\/www.rcts.fr\\\/\",\"name\":\"RCTs\",\"description\":\"Description\",\"publisher\":{\"@id\":\"https:\\\/\\\/www.rcts.fr\\\/#organization\"},\"potentialAction\":[{\"@type\":\"SearchAction\",\"target\":{\"@type\":\"EntryPoint\",\"urlTemplate\":\"https:\\\/\\\/www.rcts.fr\\\/?s={search_term_string}\"},\"query-input\":{\"@type\":\"PropertyValueSpecification\",\"valueRequired\":true,\"valueName\":\"search_term_string\"}}],\"inLanguage\":\"en-US\"},{\"@type\":\"Organization\",\"@id\":\"https:\\\/\\\/www.rcts.fr\\\/#organization\",\"name\":\"RCTs\",\"url\":\"https:\\\/\\\/www.rcts.fr\\\/\",\"logo\":{\"@type\":\"ImageObject\",\"inLanguage\":\"en-US\",\"@id\":\"https:\\\/\\\/www.rcts.fr\\\/#\\\/schema\\\/logo\\\/image\\\/\",\"url\":\"http:\\\/\\\/www.rcts.fr\\\/wp-content\\\/uploads\\\/logo-blue.svg\",\"contentUrl\":\"http:\\\/\\\/www.rcts.fr\\\/wp-content\\\/uploads\\\/logo-blue.svg\",\"width\":163,\"height\":47,\"caption\":\"RCTs\"},\"image\":{\"@id\":\"https:\\\/\\\/www.rcts.fr\\\/#\\\/schema\\\/logo\\\/image\\\/\"}},{\"@type\":\"Person\",\"@id\":\"https:\\\/\\\/www.rcts.fr\\\/#\\\/schema\\\/person\\\/19ff6b0ca72b83f30ac0a23e6ce05dc5\",\"name\":\"Didier Not\",\"image\":{\"@type\":\"ImageObject\",\"inLanguage\":\"en-US\",\"@id\":\"https:\\\/\\\/secure.gravatar.com\\\/avatar\\\/384084503863c2fae1497cd4aff02d7d7ec7ec0d357eb358655b55a5dd586850?s=96&d=mm&r=g\",\"url\":\"https:\\\/\\\/secure.gravatar.com\\\/avatar\\\/384084503863c2fae1497cd4aff02d7d7ec7ec0d357eb358655b55a5dd586850?s=96&d=mm&r=g\",\"contentUrl\":\"https:\\\/\\\/secure.gravatar.com\\\/avatar\\\/384084503863c2fae1497cd4aff02d7d7ec7ec0d357eb358655b55a5dd586850?s=96&d=mm&r=g\",\"caption\":\"Didier Not\"},\"url\":\"http:\\\/\\\/www.rcts.fr\\\/en\\\/author\\\/dnorcts-fr\\\/\"}]}<\/script>\n<!-- \/ Yoast SEO plugin. -->","yoast_head_json":{"title":"Apport de marqueurs immunologiques et psychologiques dans la pr\u00e9diction de la rechute clinique au cours de la maladie de Crohn \u2013 suivi d\u2019une cohorte multicentrique - RCTs","robots":{"index":"index","follow":"follow","max-snippet":"max-snippet:-1","max-image-preview":"max-image-preview:large","max-video-preview":"max-video-preview:-1"},"canonical":"http:\/\/www.rcts.fr\/en\/apport-de-marqueurs-immunologiques-et-psychologiques-dans-la-prediction-de-la-rechute-clinique-au-cours-de-la-maladie-de-crohn-suivi-dune-cohorte-multicentrique\/","og_locale":"en_US","og_type":"article","og_title":"Apport de marqueurs immunologiques et psychologiques dans la pr\u00e9diction de la rechute clinique au cours de la maladie de Crohn \u2013 suivi d\u2019une cohorte multicentrique - RCTs","og_description":"Les marqueurs de l\u2019inflammation \u2013 prot\u00e9ine C-R\u00e9active (CRP) et vitesse de s\u00e9dimentation (VS) \u2013 peuvent aider \u00e0 pr\u00e9dire une rechute de maladie de Crohn (MC). L\u2019objectif de cette \u00e9tude \u00e9tait d\u2019identifier de nouveaux marqueurs pr\u00e9dictifs de rechute, notamment immunologiques et psychologiques. D\u00e9cembre 2016 &#8211; diabet-metabolism G. Boschetti, B. Flouri\u00e9, Fr\u00e9d\u00e9ric Mistretta, X. Roblin , Didier [&hellip;]","og_url":"http:\/\/www.rcts.fr\/en\/apport-de-marqueurs-immunologiques-et-psychologiques-dans-la-prediction-de-la-rechute-clinique-au-cours-de-la-maladie-de-crohn-suivi-dune-cohorte-multicentrique\/","og_site_name":"RCTs","article_published_time":"2016-12-01T15:15:29+00:00","article_modified_time":"2020-04-07T14:05:22+00:00","author":"Didier Not","twitter_card":"summary_large_image","twitter_misc":{"Written by":"Didier Not"},"schema":{"@context":"https:\/\/schema.org","@graph":[{"@type":"Article","@id":"http:\/\/www.rcts.fr\/en\/apport-de-marqueurs-immunologiques-et-psychologiques-dans-la-prediction-de-la-rechute-clinique-au-cours-de-la-maladie-de-crohn-suivi-dune-cohorte-multicentrique\/#article","isPartOf":{"@id":"http:\/\/www.rcts.fr\/en\/apport-de-marqueurs-immunologiques-et-psychologiques-dans-la-prediction-de-la-rechute-clinique-au-cours-de-la-maladie-de-crohn-suivi-dune-cohorte-multicentrique\/"},"author":{"name":"Didier Not","@id":"https:\/\/www.rcts.fr\/#\/schema\/person\/19ff6b0ca72b83f30ac0a23e6ce05dc5"},"headline":"Apport de marqueurs immunologiques et psychologiques dans la pr\u00e9diction de la rechute clinique au cours de la maladie de Crohn \u2013 suivi d\u2019une cohorte multicentrique","datePublished":"2016-12-01T15:15:29+00:00","dateModified":"2020-04-07T14:05:22+00:00","mainEntityOfPage":{"@id":"http:\/\/www.rcts.fr\/en\/apport-de-marqueurs-immunologiques-et-psychologiques-dans-la-prediction-de-la-rechute-clinique-au-cours-de-la-maladie-de-crohn-suivi-dune-cohorte-multicentrique\/"},"wordCount":97,"commentCount":0,"publisher":{"@id":"https:\/\/www.rcts.fr\/#organization"},"articleSection":["Gastroenterology"],"inLanguage":"en-US"},{"@type":"WebPage","@id":"http:\/\/www.rcts.fr\/en\/apport-de-marqueurs-immunologiques-et-psychologiques-dans-la-prediction-de-la-rechute-clinique-au-cours-de-la-maladie-de-crohn-suivi-dune-cohorte-multicentrique\/","url":"http:\/\/www.rcts.fr\/en\/apport-de-marqueurs-immunologiques-et-psychologiques-dans-la-prediction-de-la-rechute-clinique-au-cours-de-la-maladie-de-crohn-suivi-dune-cohorte-multicentrique\/","name":"Apport de marqueurs immunologiques et psychologiques dans la pr\u00e9diction de la rechute clinique au cours de la maladie de Crohn \u2013 suivi d\u2019une cohorte multicentrique - RCTs","isPartOf":{"@id":"https:\/\/www.rcts.fr\/#website"},"datePublished":"2016-12-01T15:15:29+00:00","dateModified":"2020-04-07T14:05:22+00:00","breadcrumb":{"@id":"http:\/\/www.rcts.fr\/en\/apport-de-marqueurs-immunologiques-et-psychologiques-dans-la-prediction-de-la-rechute-clinique-au-cours-de-la-maladie-de-crohn-suivi-dune-cohorte-multicentrique\/#breadcrumb"},"inLanguage":"en-US","potentialAction":[{"@type":"ReadAction","target":["http:\/\/www.rcts.fr\/en\/apport-de-marqueurs-immunologiques-et-psychologiques-dans-la-prediction-de-la-rechute-clinique-au-cours-de-la-maladie-de-crohn-suivi-dune-cohorte-multicentrique\/"]}]},{"@type":"BreadcrumbList","@id":"http:\/\/www.rcts.fr\/en\/apport-de-marqueurs-immunologiques-et-psychologiques-dans-la-prediction-de-la-rechute-clinique-au-cours-de-la-maladie-de-crohn-suivi-dune-cohorte-multicentrique\/#breadcrumb","itemListElement":[{"@type":"ListItem","position":1,"name":"Home","item":"https:\/\/www.rcts.fr\/en\/"},{"@type":"ListItem","position":2,"name":"Apport de marqueurs immunologiques et psychologiques dans la pr\u00e9diction de la rechute clinique au cours de la maladie de Crohn \u2013 suivi d\u2019une cohorte multicentrique"}]},{"@type":"WebSite","@id":"https:\/\/www.rcts.fr\/#website","url":"https:\/\/www.rcts.fr\/","name":"RCTs","description":"Description","publisher":{"@id":"https:\/\/www.rcts.fr\/#organization"},"potentialAction":[{"@type":"SearchAction","target":{"@type":"EntryPoint","urlTemplate":"https:\/\/www.rcts.fr\/?s={search_term_string}"},"query-input":{"@type":"PropertyValueSpecification","valueRequired":true,"valueName":"search_term_string"}}],"inLanguage":"en-US"},{"@type":"Organization","@id":"https:\/\/www.rcts.fr\/#organization","name":"RCTs","url":"https:\/\/www.rcts.fr\/","logo":{"@type":"ImageObject","inLanguage":"en-US","@id":"https:\/\/www.rcts.fr\/#\/schema\/logo\/image\/","url":"http:\/\/www.rcts.fr\/wp-content\/uploads\/logo-blue.svg","contentUrl":"http:\/\/www.rcts.fr\/wp-content\/uploads\/logo-blue.svg","width":163,"height":47,"caption":"RCTs"},"image":{"@id":"https:\/\/www.rcts.fr\/#\/schema\/logo\/image\/"}},{"@type":"Person","@id":"https:\/\/www.rcts.fr\/#\/schema\/person\/19ff6b0ca72b83f30ac0a23e6ce05dc5","name":"Didier Not","image":{"@type":"ImageObject","inLanguage":"en-US","@id":"https:\/\/secure.gravatar.com\/avatar\/384084503863c2fae1497cd4aff02d7d7ec7ec0d357eb358655b55a5dd586850?s=96&d=mm&r=g","url":"https:\/\/secure.gravatar.com\/avatar\/384084503863c2fae1497cd4aff02d7d7ec7ec0d357eb358655b55a5dd586850?s=96&d=mm&r=g","contentUrl":"https:\/\/secure.gravatar.com\/avatar\/384084503863c2fae1497cd4aff02d7d7ec7ec0d357eb358655b55a5dd586850?s=96&d=mm&r=g","caption":"Didier Not"},"url":"http:\/\/www.rcts.fr\/en\/author\/dnorcts-fr\/"}]}},"_links":{"self":[{"href":"http:\/\/www.rcts.fr\/en\/wp-json\/wp\/v2\/posts\/2673","targetHints":{"allow":["GET"]}}],"collection":[{"href":"http:\/\/www.rcts.fr\/en\/wp-json\/wp\/v2\/posts"}],"about":[{"href":"http:\/\/www.rcts.fr\/en\/wp-json\/wp\/v2\/types\/post"}],"author":[{"embeddable":true,"href":"http:\/\/www.rcts.fr\/en\/wp-json\/wp\/v2\/users\/2"}],"replies":[{"embeddable":true,"href":"http:\/\/www.rcts.fr\/en\/wp-json\/wp\/v2\/comments?post=2673"}],"version-history":[{"count":1,"href":"http:\/\/www.rcts.fr\/en\/wp-json\/wp\/v2\/posts\/2673\/revisions"}],"predecessor-version":[{"id":2674,"href":"http:\/\/www.rcts.fr\/en\/wp-json\/wp\/v2\/posts\/2673\/revisions\/2674"}],"wp:attachment":[{"href":"http:\/\/www.rcts.fr\/en\/wp-json\/wp\/v2\/media?parent=2673"}],"wp:term":[{"taxonomy":"category","embeddable":true,"href":"http:\/\/www.rcts.fr\/en\/wp-json\/wp\/v2\/categories?post=2673"}],"curies":[{"name":"wp","href":"https:\/\/api.w.org\/{rel}","templated":true}]}}