{"id":2693,"date":"2014-02-08T17:14:34","date_gmt":"2014-02-08T16:14:34","guid":{"rendered":"https:\/\/www.rcts.fr\/uncategorized\/facteurs-predictifs-dune-evolution-non-severe-de-la-maladie-de-crohn-a-15-ans"},"modified":"2020-04-07T16:08:19","modified_gmt":"2020-04-07T14:08:19","slug":"facteurs-predictifs-dune-evolution-non-severe-de-la-maladie-de-crohn-a-15-ans","status":"publish","type":"post","link":"https:\/\/www.rcts.fr\/en\/facteurs-predictifs-dune-evolution-non-severe-de-la-maladie-de-crohn-a-15-ans\/","title":{"rendered":"Facteurs pr\u00e9dictifs d&#8217;une \u00e9volution non s\u00e9v\u00e8re de la maladie de Crohn \u00e0 15 ans"},"content":{"rendered":"<p>F\u00e9vrier 2014 &#8211; Revue d&#8217;Epid\u00e9miologie et de Sant\u00e9 Publique<br \/>\n<strong>Fr\u00e9d\u00e9ric Mistretta, Flavien Roux,<\/strong> I. Nion-Larmurier, A. Bourrier, H. Sokol, L. Beaugerie, P. Seksik, J. Cosnes<\/p>\n","protected":false},"excerpt":{"rendered":"<p>F\u00e9vrier 2014 &#8211; Revue d&#8217;Epid\u00e9miologie et de Sant\u00e9 Publique Fr\u00e9d\u00e9ric Mistretta, Flavien Roux, I. Nion-Larmurier, A. Bourrier, H. Sokol, L. Beaugerie, P. Seksik, J. Cosnes<\/p>\n","protected":false},"author":2,"featured_media":0,"comment_status":"open","ping_status":"open","sticky":false,"template":"","format":"standard","meta":{"_acf_changed":false},"categories":[61],"class_list":["post-2693","post","type-post","status-publish","format-standard","hentry","category-immunology"],"acf":[],"yoast_head":"<!-- This site is optimized with the Yoast SEO plugin v27.3 - https:\/\/yoast.com\/product\/yoast-seo-wordpress\/ -->\n<title>Facteurs pr\u00e9dictifs d&#039;une \u00e9volution non s\u00e9v\u00e8re de la maladie de Crohn \u00e0 15 ans - RCTs<\/title>\n<meta name=\"robots\" content=\"index, follow, max-snippet:-1, max-image-preview:large, max-video-preview:-1\" \/>\n<link rel=\"canonical\" href=\"http:\/\/www.rcts.fr\/en\/facteurs-predictifs-dune-evolution-non-severe-de-la-maladie-de-crohn-a-15-ans\/\" \/>\n<meta property=\"og:locale\" content=\"en_US\" \/>\n<meta property=\"og:type\" content=\"article\" \/>\n<meta property=\"og:title\" content=\"Facteurs pr\u00e9dictifs d&#039;une \u00e9volution non s\u00e9v\u00e8re de la maladie de Crohn \u00e0 15 ans - RCTs\" \/>\n<meta property=\"og:description\" content=\"F\u00e9vrier 2014 &#8211; Revue d&#8217;Epid\u00e9miologie et de Sant\u00e9 Publique Fr\u00e9d\u00e9ric Mistretta, Flavien Roux, I. Nion-Larmurier, A. Bourrier, H. Sokol, L. Beaugerie, P. Seksik, J. Cosnes\" \/>\n<meta property=\"og:url\" content=\"http:\/\/www.rcts.fr\/en\/facteurs-predictifs-dune-evolution-non-severe-de-la-maladie-de-crohn-a-15-ans\/\" \/>\n<meta property=\"og:site_name\" content=\"RCTs\" \/>\n<meta property=\"article:published_time\" content=\"2014-02-08T16:14:34+00:00\" \/>\n<meta property=\"article:modified_time\" content=\"2020-04-07T14:08:19+00:00\" \/>\n<meta name=\"author\" content=\"Didier Not\" \/>\n<meta name=\"twitter:card\" content=\"summary_large_image\" \/>\n<meta name=\"twitter:label1\" content=\"Written by\" \/>\n\t<meta name=\"twitter:data1\" content=\"Didier Not\" \/>\n<script type=\"application\/ld+json\" class=\"yoast-schema-graph\">{\"@context\":\"https:\\\/\\\/schema.org\",\"@graph\":[{\"@type\":\"Article\",\"@id\":\"http:\\\/\\\/www.rcts.fr\\\/en\\\/facteurs-predictifs-dune-evolution-non-severe-de-la-maladie-de-crohn-a-15-ans\\\/#article\",\"isPartOf\":{\"@id\":\"http:\\\/\\\/www.rcts.fr\\\/en\\\/facteurs-predictifs-dune-evolution-non-severe-de-la-maladie-de-crohn-a-15-ans\\\/\"},\"author\":{\"name\":\"Didier Not\",\"@id\":\"https:\\\/\\\/www.rcts.fr\\\/#\\\/schema\\\/person\\\/19ff6b0ca72b83f30ac0a23e6ce05dc5\"},\"headline\":\"Facteurs pr\u00e9dictifs d&#8217;une \u00e9volution non s\u00e9v\u00e8re de la maladie de Crohn \u00e0 15 ans\",\"datePublished\":\"2014-02-08T16:14:34+00:00\",\"dateModified\":\"2020-04-07T14:08:19+00:00\",\"mainEntityOfPage\":{\"@id\":\"http:\\\/\\\/www.rcts.fr\\\/en\\\/facteurs-predictifs-dune-evolution-non-severe-de-la-maladie-de-crohn-a-15-ans\\\/\"},\"wordCount\":45,\"commentCount\":0,\"publisher\":{\"@id\":\"https:\\\/\\\/www.rcts.fr\\\/#organization\"},\"articleSection\":[\"Immunology\"],\"inLanguage\":\"en-US\"},{\"@type\":\"WebPage\",\"@id\":\"http:\\\/\\\/www.rcts.fr\\\/en\\\/facteurs-predictifs-dune-evolution-non-severe-de-la-maladie-de-crohn-a-15-ans\\\/\",\"url\":\"http:\\\/\\\/www.rcts.fr\\\/en\\\/facteurs-predictifs-dune-evolution-non-severe-de-la-maladie-de-crohn-a-15-ans\\\/\",\"name\":\"Facteurs pr\u00e9dictifs d'une \u00e9volution non s\u00e9v\u00e8re de la maladie de Crohn \u00e0 15 ans - RCTs\",\"isPartOf\":{\"@id\":\"https:\\\/\\\/www.rcts.fr\\\/#website\"},\"datePublished\":\"2014-02-08T16:14:34+00:00\",\"dateModified\":\"2020-04-07T14:08:19+00:00\",\"breadcrumb\":{\"@id\":\"http:\\\/\\\/www.rcts.fr\\\/en\\\/facteurs-predictifs-dune-evolution-non-severe-de-la-maladie-de-crohn-a-15-ans\\\/#breadcrumb\"},\"inLanguage\":\"en-US\",\"potentialAction\":[{\"@type\":\"ReadAction\",\"target\":[\"http:\\\/\\\/www.rcts.fr\\\/en\\\/facteurs-predictifs-dune-evolution-non-severe-de-la-maladie-de-crohn-a-15-ans\\\/\"]}]},{\"@type\":\"BreadcrumbList\",\"@id\":\"http:\\\/\\\/www.rcts.fr\\\/en\\\/facteurs-predictifs-dune-evolution-non-severe-de-la-maladie-de-crohn-a-15-ans\\\/#breadcrumb\",\"itemListElement\":[{\"@type\":\"ListItem\",\"position\":1,\"name\":\"Home\",\"item\":\"https:\\\/\\\/www.rcts.fr\\\/en\\\/\"},{\"@type\":\"ListItem\",\"position\":2,\"name\":\"Facteurs pr\u00e9dictifs d&#8217;une \u00e9volution non s\u00e9v\u00e8re de la maladie de Crohn \u00e0 15 ans\"}]},{\"@type\":\"WebSite\",\"@id\":\"https:\\\/\\\/www.rcts.fr\\\/#website\",\"url\":\"https:\\\/\\\/www.rcts.fr\\\/\",\"name\":\"RCTs\",\"description\":\"Description\",\"publisher\":{\"@id\":\"https:\\\/\\\/www.rcts.fr\\\/#organization\"},\"potentialAction\":[{\"@type\":\"SearchAction\",\"target\":{\"@type\":\"EntryPoint\",\"urlTemplate\":\"https:\\\/\\\/www.rcts.fr\\\/?s={search_term_string}\"},\"query-input\":{\"@type\":\"PropertyValueSpecification\",\"valueRequired\":true,\"valueName\":\"search_term_string\"}}],\"inLanguage\":\"en-US\"},{\"@type\":\"Organization\",\"@id\":\"https:\\\/\\\/www.rcts.fr\\\/#organization\",\"name\":\"RCTs\",\"url\":\"https:\\\/\\\/www.rcts.fr\\\/\",\"logo\":{\"@type\":\"ImageObject\",\"inLanguage\":\"en-US\",\"@id\":\"https:\\\/\\\/www.rcts.fr\\\/#\\\/schema\\\/logo\\\/image\\\/\",\"url\":\"https:\\\/\\\/www.rcts.fr\\\/wp-content\\\/uploads\\\/logo-blue.svg\",\"contentUrl\":\"https:\\\/\\\/www.rcts.fr\\\/wp-content\\\/uploads\\\/logo-blue.svg\",\"width\":163,\"height\":47,\"caption\":\"RCTs\"},\"image\":{\"@id\":\"https:\\\/\\\/www.rcts.fr\\\/#\\\/schema\\\/logo\\\/image\\\/\"}},{\"@type\":\"Person\",\"@id\":\"https:\\\/\\\/www.rcts.fr\\\/#\\\/schema\\\/person\\\/19ff6b0ca72b83f30ac0a23e6ce05dc5\",\"name\":\"Didier Not\",\"image\":{\"@type\":\"ImageObject\",\"inLanguage\":\"en-US\",\"@id\":\"https:\\\/\\\/secure.gravatar.com\\\/avatar\\\/384084503863c2fae1497cd4aff02d7d7ec7ec0d357eb358655b55a5dd586850?s=96&d=mm&r=g\",\"url\":\"https:\\\/\\\/secure.gravatar.com\\\/avatar\\\/384084503863c2fae1497cd4aff02d7d7ec7ec0d357eb358655b55a5dd586850?s=96&d=mm&r=g\",\"contentUrl\":\"https:\\\/\\\/secure.gravatar.com\\\/avatar\\\/384084503863c2fae1497cd4aff02d7d7ec7ec0d357eb358655b55a5dd586850?s=96&d=mm&r=g\",\"caption\":\"Didier Not\"},\"url\":\"https:\\\/\\\/www.rcts.fr\\\/en\\\/author\\\/dnorcts-fr\\\/\"}]}<\/script>\n<!-- \/ Yoast SEO plugin. -->","yoast_head_json":{"title":"Facteurs pr\u00e9dictifs d'une \u00e9volution non s\u00e9v\u00e8re de la maladie de Crohn \u00e0 15 ans - RCTs","robots":{"index":"index","follow":"follow","max-snippet":"max-snippet:-1","max-image-preview":"max-image-preview:large","max-video-preview":"max-video-preview:-1"},"canonical":"http:\/\/www.rcts.fr\/en\/facteurs-predictifs-dune-evolution-non-severe-de-la-maladie-de-crohn-a-15-ans\/","og_locale":"en_US","og_type":"article","og_title":"Facteurs pr\u00e9dictifs d'une \u00e9volution non s\u00e9v\u00e8re de la maladie de Crohn \u00e0 15 ans - RCTs","og_description":"F\u00e9vrier 2014 &#8211; Revue d&#8217;Epid\u00e9miologie et de Sant\u00e9 Publique Fr\u00e9d\u00e9ric Mistretta, Flavien Roux, I. Nion-Larmurier, A. Bourrier, H. Sokol, L. Beaugerie, P. Seksik, J. Cosnes","og_url":"http:\/\/www.rcts.fr\/en\/facteurs-predictifs-dune-evolution-non-severe-de-la-maladie-de-crohn-a-15-ans\/","og_site_name":"RCTs","article_published_time":"2014-02-08T16:14:34+00:00","article_modified_time":"2020-04-07T14:08:19+00:00","author":"Didier Not","twitter_card":"summary_large_image","twitter_misc":{"Written by":"Didier Not"},"schema":{"@context":"https:\/\/schema.org","@graph":[{"@type":"Article","@id":"http:\/\/www.rcts.fr\/en\/facteurs-predictifs-dune-evolution-non-severe-de-la-maladie-de-crohn-a-15-ans\/#article","isPartOf":{"@id":"http:\/\/www.rcts.fr\/en\/facteurs-predictifs-dune-evolution-non-severe-de-la-maladie-de-crohn-a-15-ans\/"},"author":{"name":"Didier Not","@id":"https:\/\/www.rcts.fr\/#\/schema\/person\/19ff6b0ca72b83f30ac0a23e6ce05dc5"},"headline":"Facteurs pr\u00e9dictifs d&#8217;une \u00e9volution non s\u00e9v\u00e8re de la maladie de Crohn \u00e0 15 ans","datePublished":"2014-02-08T16:14:34+00:00","dateModified":"2020-04-07T14:08:19+00:00","mainEntityOfPage":{"@id":"http:\/\/www.rcts.fr\/en\/facteurs-predictifs-dune-evolution-non-severe-de-la-maladie-de-crohn-a-15-ans\/"},"wordCount":45,"commentCount":0,"publisher":{"@id":"https:\/\/www.rcts.fr\/#organization"},"articleSection":["Immunology"],"inLanguage":"en-US"},{"@type":"WebPage","@id":"http:\/\/www.rcts.fr\/en\/facteurs-predictifs-dune-evolution-non-severe-de-la-maladie-de-crohn-a-15-ans\/","url":"http:\/\/www.rcts.fr\/en\/facteurs-predictifs-dune-evolution-non-severe-de-la-maladie-de-crohn-a-15-ans\/","name":"Facteurs pr\u00e9dictifs d'une \u00e9volution non s\u00e9v\u00e8re de la maladie de Crohn \u00e0 15 ans - RCTs","isPartOf":{"@id":"https:\/\/www.rcts.fr\/#website"},"datePublished":"2014-02-08T16:14:34+00:00","dateModified":"2020-04-07T14:08:19+00:00","breadcrumb":{"@id":"http:\/\/www.rcts.fr\/en\/facteurs-predictifs-dune-evolution-non-severe-de-la-maladie-de-crohn-a-15-ans\/#breadcrumb"},"inLanguage":"en-US","potentialAction":[{"@type":"ReadAction","target":["http:\/\/www.rcts.fr\/en\/facteurs-predictifs-dune-evolution-non-severe-de-la-maladie-de-crohn-a-15-ans\/"]}]},{"@type":"BreadcrumbList","@id":"http:\/\/www.rcts.fr\/en\/facteurs-predictifs-dune-evolution-non-severe-de-la-maladie-de-crohn-a-15-ans\/#breadcrumb","itemListElement":[{"@type":"ListItem","position":1,"name":"Home","item":"https:\/\/www.rcts.fr\/en\/"},{"@type":"ListItem","position":2,"name":"Facteurs pr\u00e9dictifs d&#8217;une \u00e9volution non s\u00e9v\u00e8re de la maladie de Crohn \u00e0 15 ans"}]},{"@type":"WebSite","@id":"https:\/\/www.rcts.fr\/#website","url":"https:\/\/www.rcts.fr\/","name":"RCTs","description":"Description","publisher":{"@id":"https:\/\/www.rcts.fr\/#organization"},"potentialAction":[{"@type":"SearchAction","target":{"@type":"EntryPoint","urlTemplate":"https:\/\/www.rcts.fr\/?s={search_term_string}"},"query-input":{"@type":"PropertyValueSpecification","valueRequired":true,"valueName":"search_term_string"}}],"inLanguage":"en-US"},{"@type":"Organization","@id":"https:\/\/www.rcts.fr\/#organization","name":"RCTs","url":"https:\/\/www.rcts.fr\/","logo":{"@type":"ImageObject","inLanguage":"en-US","@id":"https:\/\/www.rcts.fr\/#\/schema\/logo\/image\/","url":"https:\/\/www.rcts.fr\/wp-content\/uploads\/logo-blue.svg","contentUrl":"https:\/\/www.rcts.fr\/wp-content\/uploads\/logo-blue.svg","width":163,"height":47,"caption":"RCTs"},"image":{"@id":"https:\/\/www.rcts.fr\/#\/schema\/logo\/image\/"}},{"@type":"Person","@id":"https:\/\/www.rcts.fr\/#\/schema\/person\/19ff6b0ca72b83f30ac0a23e6ce05dc5","name":"Didier Not","image":{"@type":"ImageObject","inLanguage":"en-US","@id":"https:\/\/secure.gravatar.com\/avatar\/384084503863c2fae1497cd4aff02d7d7ec7ec0d357eb358655b55a5dd586850?s=96&d=mm&r=g","url":"https:\/\/secure.gravatar.com\/avatar\/384084503863c2fae1497cd4aff02d7d7ec7ec0d357eb358655b55a5dd586850?s=96&d=mm&r=g","contentUrl":"https:\/\/secure.gravatar.com\/avatar\/384084503863c2fae1497cd4aff02d7d7ec7ec0d357eb358655b55a5dd586850?s=96&d=mm&r=g","caption":"Didier Not"},"url":"https:\/\/www.rcts.fr\/en\/author\/dnorcts-fr\/"}]}},"_links":{"self":[{"href":"https:\/\/www.rcts.fr\/en\/wp-json\/wp\/v2\/posts\/2693","targetHints":{"allow":["GET"]}}],"collection":[{"href":"https:\/\/www.rcts.fr\/en\/wp-json\/wp\/v2\/posts"}],"about":[{"href":"https:\/\/www.rcts.fr\/en\/wp-json\/wp\/v2\/types\/post"}],"author":[{"embeddable":true,"href":"https:\/\/www.rcts.fr\/en\/wp-json\/wp\/v2\/users\/2"}],"replies":[{"embeddable":true,"href":"https:\/\/www.rcts.fr\/en\/wp-json\/wp\/v2\/comments?post=2693"}],"version-history":[{"count":1,"href":"https:\/\/www.rcts.fr\/en\/wp-json\/wp\/v2\/posts\/2693\/revisions"}],"predecessor-version":[{"id":2695,"href":"https:\/\/www.rcts.fr\/en\/wp-json\/wp\/v2\/posts\/2693\/revisions\/2695"}],"wp:attachment":[{"href":"https:\/\/www.rcts.fr\/en\/wp-json\/wp\/v2\/media?parent=2693"}],"wp:term":[{"taxonomy":"category","embeddable":true,"href":"https:\/\/www.rcts.fr\/en\/wp-json\/wp\/v2\/categories?post=2693"}],"curies":[{"name":"wp","href":"https:\/\/api.w.org\/{rel}","templated":true}]}}